{"id":49,"date":"2024-05-08T16:17:37","date_gmt":"2024-05-08T16:17:37","guid":{"rendered":"https:\/\/hundegarten.laserprojects.de\/?p=49"},"modified":"2025-04-02T17:42:00","modified_gmt":"2025-04-02T15:42:00","slug":"test-beitrag","status":"publish","type":"post","link":"https:\/\/unser-hundegarten.de\/?p=49","title":{"rendered":"Mitgliederversammlung 2025"},"content":{"rendered":"\n<ol start=\"25\" class=\"wp-block-list\"><\/ol>\n\n\n\n<p id=\"block-46e8edef-6c98-49f7-8174-2afd052affbc\"><strong>Einladung zur ordentlichen Mitgliederversammlung<\/strong><\/p>\n\n\n\n<p id=\"block-b5cda3cf-0745-4f86-a96e-12981195b53b\">Der Vorstand l\u00e4dt zur <strong>ordentlichen Mitgliederversammlung<\/strong> ein. Die Versammlung findet statt am<\/p>\n\n\n\n<p id=\"block-9bbe0756-0850-4845-8b4a-5c708cf7f612\"><strong>Sonntag, 16.03.2025 um 17:00 Uhr<\/strong><\/p>\n\n\n\n<p id=\"block-1b439431-8a89-4ae4-8c3b-bf650b306d62\">Im B\u00fcrgersaal des Rathauses Holzwickede<\/p>\n\n\n\n<p id=\"block-b7508026-1198-4068-9570-73328a95f8ac\">Allee 5, 59439 Holzwickede<\/p>\n\n\n\n<p id=\"block-4b98ab9d-c3b0-44ad-9923-49c659c8fc1f\">In diesem Jahr sind die Neuwahl des Vorstands und eines Kassenpr\u00fcfers &nbsp;&nbsp;durchzuf\u00fchren.<\/p>\n\n\n\n<p id=\"block-dbff17ed-d60f-4df6-80e6-a821e00c2687\">Wir planen im Zuge dieser Wahlen die satzungsgem\u00e4\u00dfe Erweiterung des Vorstandes um zwei Beisitzer.<\/p>\n\n\n\n<p id=\"block-b89e7830-3e51-4118-bb28-f0254a181c16\">Zur Wahl f\u00fcr die Vorstandspositionen stellen sich als Kandidaten\/Kandidatinnen<\/p>\n\n\n\n<p id=\"block-39fedad7-9496-40d5-9cf0-e08624e892b9\">Vorstandsvorsitzende: Ursula Aust<\/p>\n\n\n\n<p id=\"block-c6b1ceec-abc3-4a5b-8b91-c2a4e25cbf28\">Stellvertretende Vorsitzende: Beate Hahn-Heinrichs<\/p>\n\n\n\n<p id=\"block-04ad0772-f815-47ea-a60c-0ba3f5fc6d5b\">Schatzmeisterin: Susanne Becker<\/p>\n\n\n\n<p id=\"block-a7cd1369-31ba-4a1a-906b-843d5bf46c90\">Beisitzer: J\u00fcrgen Br\u00fcckh\u00e4ndler, Arno Schindler<\/p>\n\n\n\n<p id=\"block-ce96c064-2597-4a55-8908-fb1b3bc7d949\">Kassenpr\u00fcfer: D\u00f6rte Strukamp<\/p>\n\n\n\n<p id=\"block-ebdefce3-a72c-49b9-89fd-850b608a30b1\">Die Amtszeit f\u00fcr alle Positionen betr\u00e4gt zwei Jahre.<\/p>\n\n\n\n<p id=\"block-eeacaa24-a938-4643-b721-db6fc08950b5\">Weitere &nbsp;Kandidatenvorschl\u00e4ge f\u00fcr die zu w\u00e4hlenden Positionen sind bis sp\u00e4testens zum 23.02.2024 schriftlich (auch per mail) an den Vorstand zu richten.<\/p>\n\n\n\n<p id=\"block-8e48efe6-e8a7-4018-97f8-d41f209ba29c\">F\u00fcr die Durchf\u00fchrung der Wahlen schlagen wir als Wahlleiter Dr. Christof Becker vor. Sollten Einw\u00e4nde gegen den Wahlleiter bestehen, ist dies dem Vorstand bis zum 23.02.2025 schriftlich mitzuteilen.<\/p>\n\n\n\n<p id=\"block-3a8f8a84-a4fe-4520-9749-2f7b42006868\">Als Schriftf\u00fchrerin steht Manuela Thiele zur Verf\u00fcgung.<\/p>\n\n\n\n<p id=\"block-3edfd71e-7d2b-4920-8565-b54077b9978d\">Sollten Einw\u00e4nde gegen die Schriftf\u00fchrerin bestehen, ist dies dem Vorstand bis zum 23.02.2025 schriftlich mitzuteilen.<\/p>\n\n\n\n<p id=\"block-758d1712-603f-4462-9560-c7509311b239\">Der Vorstand schl\u00e4gt eine Satzungs\u00e4nderung zur Zusammensetzung des Vorstandes vor.<\/p>\n\n\n\n<p id=\"block-003a5f2d-c1da-4557-b264-c5b499b8d38a\">In \u00a7 8 Absatz 5 ist bestimmt..<\/p>\n\n\n\n<p id=\"block-b9c7e7ae-4a15-4b30-9883-e6c91a736729\"><strong><em>(5)<\/em><\/strong><\/p>\n\n\n\n<p id=\"block-e48668c6-0ec8-498c-b0cd-c82cde73bf9b\"><strong><em>Der Vorstand kann <u>um bis zu zwei Beisitzer,<\/u> die auch&nbsp; ein Stimmrecht besitzen, erweitert werden. Die&nbsp; Beisitzer werden von der Mitgliederversammlung gew\u00e4hlt<\/em><\/strong><\/p>\n\n\n\n<p id=\"block-80aa8829-7361-498e-85dd-2288aabc664c\">Dieser Punkt soll wie folgt ge\u00e4ndert werden.<\/p>\n\n\n\n<p id=\"block-65feb87b-14ce-493f-8ea3-8eaa5eba63ba\">&nbsp;<strong><em>(5)<\/em><\/strong><\/p>\n\n\n\n<p id=\"block-2f501f55-3a77-41b3-9353-675ffcefdb5c\"><strong>Der Vorstand kann <u>um einen Beisitzer je Hundegarten<\/u>, die auch&nbsp; ein Stimmrecht besitzen, erweitert werden. Die&nbsp; Beisitzer werden von der Mitgliederversammlung gew\u00e4hlt.<\/strong><\/p>\n\n\n\n<p id=\"block-a996fe8b-d195-437f-9cfc-cc5193797add\">Erg\u00e4nzungen zur Tagesordnung sind &nbsp;bis sp\u00e4testens zum 23.02.2023 schriftlich einzureichen.<\/p>\n\n\n\n<p id=\"block-f1d990a6-4a5c-4ce8-96c3-2052a771d7f5\">Wir bitten unsere Mitglieder um eine m\u00f6glichst rege Teilnahme an der Mitgliederversammlung, da sowohl die Wahlen als auch die Satzungs\u00e4nderung wichtige Entscheidungen im Verein darstellen.<\/p>\n\n\n\n<p id=\"block-6ae40c9b-ada8-435b-bb4d-8bf3b5331060\">Mit freundlichen Gr\u00fc\u00dfen<\/p>\n\n\n\n<p id=\"block-d8b4b8a0-e3a7-4942-9c32-2274cc00c1da\">Vorstand<\/p>\n\n\n\n<p id=\"block-3fb44b37-ad72-4e59-9e0a-c3bc8d7fdada\">Unser Hundegarten e.V.&nbsp;&nbsp;&nbsp;&nbsp;&nbsp;&nbsp;&nbsp;&nbsp;&nbsp;&nbsp;&nbsp;&nbsp;&nbsp;&nbsp;&nbsp;&nbsp;&nbsp;&nbsp;&nbsp;&nbsp;&nbsp;&nbsp;&nbsp;&nbsp;&nbsp;&nbsp;&nbsp;&nbsp;&nbsp;&nbsp;&nbsp;&nbsp;&nbsp;&nbsp;&nbsp;&nbsp;&nbsp;&nbsp;&nbsp;&nbsp;&nbsp;&nbsp;&nbsp;&nbsp;<\/p>\n\n\n\n<p>Bild<\/p>\n\n\n\n<p>Lade eine Bilddatei hoch oder ziehe sie hierher oder w\u00e4hle eine aus deiner Mediathek aus.HochladenMediathekVon URL einf\u00fcgen<\/p>\n\n\n\n<p id=\"block-d6f4ea40-bab9-4312-a193-06050f4fd466\"><strong>Tagesordnung<\/strong><\/p>\n\n\n\n<ol start=\"1\" id=\"block-2332ad41-26fd-42c3-b263-0ce8f7a759a1\" class=\"wp-block-list\">\n<li>Begr\u00fc\u00dfung<\/li>\n\n\n\n<li>Er\u00f6ffnung der Mitgliederversammlung<\/li>\n\n\n\n<li>Ehrung der Verstorbenen<\/li>\n\n\n\n<li>Feststellung der ordnungsgem\u00e4\u00dfen Einladung<\/li>\n\n\n\n<li>Feststellung der Beschlussf\u00e4higkeit<\/li>\n\n\n\n<li>Erg\u00e4nzung und Genehmigung der Tagesordnung<\/li>\n\n\n\n<li>Jahresbericht des Vorstands f\u00fcr das abgelaufene Kalenderjahr<\/li>\n\n\n\n<li>Finanzbericht des Schatzmeisters<\/li>\n\n\n\n<li>Bericht der Rechnungspr\u00fcfer<\/li>\n\n\n\n<li>Aussprache \u00fcber die Berichte<\/li>\n\n\n\n<li>Entlastung des Vorstandes<\/li>\n\n\n\n<li>Einsetzung des Wahlleiters<\/li>\n\n\n\n<li>Wahl des neuen Vorstandes<\/li>\n\n\n\n<li>Wahl eines Kassenpr\u00fcfers<\/li>\n\n\n\n<li>Beschlu\u00df \u00fcber eine Satzungs\u00e4nderung<\/li>\n\n\n\n<li>Geplante Vereinsaktivit\u00e4ten Hundegarten Holzwickede<\/li>\n\n\n\n<li>Geplante Vereinsaktivit\u00e4ten Hundegarten Fr\u00f6ndenberg<\/li>\n\n\n\n<li>Erweiterung um einen neuen Hundegarten<\/li>\n\n\n\n<li>Geplante Vereinsaktivit\u00e4ten ortsunabh\u00e4ngig<\/li>\n\n\n\n<li>Genehmigung des Haushaltsplans f\u00fcr das laufende Jahr<\/li>\n\n\n\n<li>Exclusivzeiten<\/li>\n\n\n\n<li>Einf\u00fchrung bzw. Neuordnung von Zust\u00e4ndigkeiten in den Hundeg\u00e4rten<\/li>\n\n\n\n<li>Aussprache und Neufassung der bestehenden Hausordnung in den Hundeg\u00e4rten<\/li>\n\n\n\n<li>Planung Veranstaltungen 2025<\/li>\n\n\n\n<li>Sponsorensuche und Bannerwerbung<\/li>\n\n\n\n<li>Verschiedenes<\/li>\n\n\n\n<li>Schlusswort der Vorsitzenden<\/li>\n<\/ol>\n\n\n\n<p id=\"block-9d7dc12d-950d-4607-9c08-2e3b25ff673d\">Freundliche Gr\u00fc\u00dfe<\/p>\n\n\n\n<p id=\"block-388022b9-f1f4-4d08-9d63-ce2b0e746ee9\">Ursula Aust (1. Vorsitzende)<\/p>\n\n\n\n<p id=\"block-8a4bc47c-6d24-4772-b010-7188c9cace27\">&#8212;&#8212;&#8212;&#8212;&#8212;&#8212;&#8212;&#8212;&#8212;&#8212;&#8212;<\/p>\n","protected":false},"excerpt":{"rendered":"<p>Einladung zur ordentlichen Mitgliederversammlung Der Vorstand l\u00e4dt zur ordentlichen Mitgliederversammlung ein. Die Versammlung findet statt am Sonntag, 16.03.2025 um 17:00 Uhr Im B\u00fcrgersaal des Rathauses Holzwickede Allee 5, 59439 Holzwickede In diesem Jahr sind die Neuwahl des Vorstands und eines Kassenpr\u00fcfers &nbsp;&nbsp;durchzuf\u00fchren. Wir planen im Zuge dieser Wahlen die satzungsgem\u00e4\u00dfe Erweiterung des Vorstandes um zwei [&hellip;]<\/p>\n","protected":false},"author":4,"featured_media":0,"comment_status":"open","ping_status":"open","sticky":false,"template":"","format":"standard","meta":{"footnotes":""},"categories":[9,14,8,10,11],"tags":[],"class_list":["post-49","post","type-post","status-publish","format-standard","hentry","category-aktuelles","category-archiv-2025","category-berichte-und-protokolle","category-mitgliederversammlung","category-startseite"],"_links":{"self":[{"href":"https:\/\/unser-hundegarten.de\/index.php?rest_route=\/wp\/v2\/posts\/49","targetHints":{"allow":["GET"]}}],"collection":[{"href":"https:\/\/unser-hundegarten.de\/index.php?rest_route=\/wp\/v2\/posts"}],"about":[{"href":"https:\/\/unser-hundegarten.de\/index.php?rest_route=\/wp\/v2\/types\/post"}],"author":[{"embeddable":true,"href":"https:\/\/unser-hundegarten.de\/index.php?rest_route=\/wp\/v2\/users\/4"}],"replies":[{"embeddable":true,"href":"https:\/\/unser-hundegarten.de\/index.php?rest_route=%2Fwp%2Fv2%2Fcomments&post=49"}],"version-history":[{"count":5,"href":"https:\/\/unser-hundegarten.de\/index.php?rest_route=\/wp\/v2\/posts\/49\/revisions"}],"predecessor-version":[{"id":728,"href":"https:\/\/unser-hundegarten.de\/index.php?rest_route=\/wp\/v2\/posts\/49\/revisions\/728"}],"wp:attachment":[{"href":"https:\/\/unser-hundegarten.de\/index.php?rest_route=%2Fwp%2Fv2%2Fmedia&parent=49"}],"wp:term":[{"taxonomy":"category","embeddable":true,"href":"https:\/\/unser-hundegarten.de\/index.php?rest_route=%2Fwp%2Fv2%2Fcategories&post=49"},{"taxonomy":"post_tag","embeddable":true,"href":"https:\/\/unser-hundegarten.de\/index.php?rest_route=%2Fwp%2Fv2%2Ftags&post=49"}],"curies":[{"name":"wp","href":"https:\/\/api.w.org\/{rel}","templated":true}]}}